{"id":55212,"date":"2017-06-13T09:26:57","date_gmt":"2017-06-13T07:26:57","guid":{"rendered":"http:\/\/gretsi.fr\/colloque2017\/?p=55212"},"modified":"2017-06-13T10:35:07","modified_gmt":"2017-06-13T08:35:07","slug":"evenements","status":"publish","type":"post","link":"https:\/\/gretsi.fr\/colloque2017\/2017\/06\/evenements\/","title":{"rendered":"Ev\u00e9nements"},"content":{"rendered":"<p>[vc_row][vc_column column_width_percent=\u00a0\u00bb80&Prime; overlay_alpha=\u00a0\u00bb50&Prime; gutter_size=\u00a0\u00bb3&Prime; medium_width=\u00a0\u00bb0&Prime; shift_x=\u00a0\u00bb0&Prime; shift_y=\u00a0\u00bb0&Prime; z_index=\u00a0\u00bb0&Prime; width=\u00a0\u00bb1\/1&Prime;][vc_column_text]<\/p>\n<h2>Ev\u00e9nements<\/h2>\n<p>En compl\u00e9ment des sessions orales et poster qui ont lieu au Palais des Congr\u00e8s de Juan-les-Pins, le colloque Gretsi 2017 organise trois manifestations en soir\u00e9e\u00a0 :<\/p>\n<ul>\n<li>Un cocktail de bienvenue au <a href=\"http:\/\/www.antibesjuanlespins-congres.com\">Palais des Congr\u00e8s<\/a> (mardi 5 sept. \u00e0 partir de 18:30)<\/li>\n<li>La soir\u00e9e de Gala organis\u00e9e au <a href=\"http:\/\/www.lenotre.com\/recevoir-avec-lenotre\/ou-recevoir-avec-lenotre\/espaces-cote-azur\/les-salons-du-park.html\">Park Len\u00f4tre<\/a> \u00e0 Mougins (mercredi 6 sept. avec un d\u00e9part collectif du Palais des Congr\u00e8s)<\/li>\n<li>Un cocktail dinatoire sur la <a href=\"http:\/\/www.restaurant-plage-cesar-antibes.fr\">Plage Keller<\/a> (jeudi 7 sept. avec un d\u00e9part collectif du Palais des Congr\u00e8s, apr\u00e8s la <a href=\"http:\/\/gretsi.fr\/colloque2017\/2016\/10\/conference-prestige\/\">conf\u00e9rence prestige<\/a> d\u2019Alain Aspect)<\/li>\n<\/ul>\n<p>[\/vc_column_text][vc_single_image media=\u00a0\u00bb55215&Prime; caption=\u00a0\u00bbyes\u00a0\u00bb media_width_percent=\u00a0\u00bb100&Prime; alignment=\u00a0\u00bbcenter\u00a0\u00bb][\/vc_column][\/vc_row]<\/p>\n","protected":false},"excerpt":{"rendered":"<p>En compl\u00e9ment des sessions orales et poster qui ont lieu au Palais des Congr\u00e8s de Juan-les-Pins, le colloque Gretsi 2017 organise trois manifestations en soir\u00e9e.<\/p>\n","protected":false},"author":1,"featured_media":55247,"comment_status":"open","ping_status":"open","sticky":false,"template":"","format":"standard","meta":[],"categories":[90,105],"tags":[93,106,107],"_links":{"self":[{"href":"https:\/\/gretsi.fr\/colloque2017\/wp-json\/wp\/v2\/posts\/55212"}],"collection":[{"href":"https:\/\/gretsi.fr\/colloque2017\/wp-json\/wp\/v2\/posts"}],"about":[{"href":"https:\/\/gretsi.fr\/colloque2017\/wp-json\/wp\/v2\/types\/post"}],"author":[{"embeddable":true,"href":"https:\/\/gretsi.fr\/colloque2017\/wp-json\/wp\/v2\/users\/1"}],"replies":[{"embeddable":true,"href":"https:\/\/gretsi.fr\/colloque2017\/wp-json\/wp\/v2\/comments?post=55212"}],"version-history":[{"count":3,"href":"https:\/\/gretsi.fr\/colloque2017\/wp-json\/wp\/v2\/posts\/55212\/revisions"}],"predecessor-version":[{"id":55246,"href":"https:\/\/gretsi.fr\/colloque2017\/wp-json\/wp\/v2\/posts\/55212\/revisions\/55246"}],"wp:featuredmedia":[{"embeddable":true,"href":"https:\/\/gretsi.fr\/colloque2017\/wp-json\/wp\/v2\/media\/55247"}],"wp:attachment":[{"href":"https:\/\/gretsi.fr\/colloque2017\/wp-json\/wp\/v2\/media?parent=55212"}],"wp:term":[{"taxonomy":"category","embeddable":true,"href":"https:\/\/gretsi.fr\/colloque2017\/wp-json\/wp\/v2\/categories?post=55212"},{"taxonomy":"post_tag","embeddable":true,"href":"https:\/\/gretsi.fr\/colloque2017\/wp-json\/wp\/v2\/tags?post=55212"}],"curies":[{"name":"wp","href":"https:\/\/api.w.org\/{rel}","templated":true}]}}