{"id":2480,"date":"2023-01-24T12:07:09","date_gmt":"2023-01-24T11:07:09","guid":{"rendered":"http:\/\/gretsi.fr\/colloque2023\/?p=2480"},"modified":"2023-06-15T14:31:08","modified_gmt":"2023-06-15T12:31:08","slug":"appel-a-communications","status":"publish","type":"post","link":"https:\/\/gretsi.fr\/colloque2023\/appel-a-communications\/","title":{"rendered":"Appel \u00e0 communications"},"content":{"rendered":"\t\t<div data-elementor-type=\"wp-post\" data-elementor-id=\"2480\" class=\"elementor elementor-2480\">\n\t\t\t\t\t\t<div class=\"elementor-inner\">\n\t\t\t\t<div class=\"elementor-section-wrap\">\n\t\t\t\t\t\t\t\t\t<section class=\"elementor-section elementor-top-section elementor-element elementor-element-b5fb0ec elementor-section-boxed elementor-section-height-default elementor-section-height-default\" data-id=\"b5fb0ec\" data-element_type=\"section\" data-settings=\"{&quot;background_background&quot;:&quot;classic&quot;}\">\n\t\t\t\t\t\t\t<div class=\"elementor-background-overlay\"><\/div>\n\t\t\t\t\t\t\t<div class=\"elementor-container elementor-column-gap-no\">\n\t\t\t\t\t\t\t<div class=\"elementor-row\">\n\t\t\t\t\t<div class=\"elementor-column elementor-col-100 elementor-top-column elementor-element elementor-element-211dd39\" data-id=\"211dd39\" data-element_type=\"column\">\n\t\t\t<div class=\"elementor-column-wrap elementor-element-populated\">\n\t\t\t\t\t\t\t<div class=\"elementor-widget-wrap\">\n\t\t\t\t\t\t<div class=\"elementor-element elementor-element-3b23e95 elementor-widget elementor-widget-heading\" data-id=\"3b23e95\" data-element_type=\"widget\" data-widget_type=\"heading.default\">\n\t\t\t\t<div class=\"elementor-widget-container\">\n\t\t\t<h1 class=\"elementor-heading-title elementor-size-default\">L'appel \u00e0 communications<\/h1>\t\t<\/div>\n\t\t\t\t<\/div>\n\t\t\t\t<div class=\"elementor-element elementor-element-e342adf elementor-widget elementor-widget-text-editor\" data-id=\"e342adf\" data-element_type=\"widget\" data-widget_type=\"text-editor.default\">\n\t\t\t\t<div class=\"elementor-widget-container\">\n\t\t\t\t\t\t\t\t<div class=\"elementor-text-editor elementor-clearfix\">\n\t\t\t\t<p>Les communications peuvent concerner des recherches de toute nature : travaux m\u00e9thodologiques, th\u00e9oriques ou exp\u00e9rimentaux, d\u00e9veloppements d\u2019algorithmes, d\u2019outils, de syst\u00e8mes ou d\u2019applications, dans le domaine du signal et des images.<\/p>\t\t\t\t\t<\/div>\n\t\t\t\t\t\t<\/div>\n\t\t\t\t<\/div>\n\t\t\t\t\t\t<\/div>\n\t\t\t\t\t<\/div>\n\t\t<\/div>\n\t\t\t\t\t\t\t\t<\/div>\n\t\t\t\t\t<\/div>\n\t\t<\/section>\n\t\t\t\t<section class=\"elementor-section elementor-top-section elementor-element elementor-element-4d3d133 elementor-section-boxed elementor-section-height-default elementor-section-height-default\" data-id=\"4d3d133\" data-element_type=\"section\">\n\t\t\t\t\t\t<div class=\"elementor-container elementor-column-gap-default\">\n\t\t\t\t\t\t\t<div class=\"elementor-row\">\n\t\t\t\t\t<div class=\"elementor-column elementor-col-100 elementor-top-column elementor-element elementor-element-67e3c5f\" data-id=\"67e3c5f\" data-element_type=\"column\">\n\t\t\t<div class=\"elementor-column-wrap elementor-element-populated\">\n\t\t\t\t\t\t\t<div class=\"elementor-widget-wrap\">\n\t\t\t\t\t\t<div class=\"elementor-element elementor-element-ec5d02f elementor-widget elementor-widget-heading\" data-id=\"ec5d02f\" data-element_type=\"widget\" data-widget_type=\"heading.default\">\n\t\t\t\t<div class=\"elementor-widget-container\">\n\t\t\t<h2 class=\"elementor-heading-title elementor-size-default\">XXIX<sup>\u00e8me<\/sup> Colloque GRETSI \u2013 Grenoble \u2013 28 Ao\u00fbt\/01 Sept. 2023<\/h2>\t\t<\/div>\n\t\t\t\t<\/div>\n\t\t\t\t<div class=\"elementor-element elementor-element-62f843d elementor-blockquote--skin-border elementor-blockquote--button-color-official elementor-widget elementor-widget-blockquote\" data-id=\"62f843d\" data-element_type=\"widget\" data-widget_type=\"blockquote.default\">\n\t\t\t\t<div class=\"elementor-widget-container\">\n\t\t\t\t\t<blockquote class=\"elementor-blockquote\">\n\t\t\t<p class=\"elementor-blockquote__content\">\n\t\t\t\tLe colloque GRETSI est la principale conf\u00e9rence francophone de la vaste communaut\u00e9 du traitement du signal et des images.\t\t\t<\/p>\n\t\t\t\t\t<\/blockquote>\n\t\t\t\t<\/div>\n\t\t\t\t<\/div>\n\t\t\t\t<section class=\"elementor-section elementor-inner-section elementor-element elementor-element-8c73381 elementor-section-boxed elementor-section-height-default elementor-section-height-default\" data-id=\"8c73381\" data-element_type=\"section\">\n\t\t\t\t\t\t<div class=\"elementor-container elementor-column-gap-default\">\n\t\t\t\t\t\t\t<div class=\"elementor-row\">\n\t\t\t\t\t<div class=\"elementor-column elementor-col-66 elementor-inner-column elementor-element elementor-element-7f8aef9\" data-id=\"7f8aef9\" data-element_type=\"column\">\n\t\t\t<div class=\"elementor-column-wrap elementor-element-populated\">\n\t\t\t\t\t\t\t<div class=\"elementor-widget-wrap\">\n\t\t\t\t\t\t<div class=\"elementor-element elementor-element-fa54d16 elementor-widget elementor-widget-text-editor\" data-id=\"fa54d16\" data-element_type=\"widget\" data-widget_type=\"text-editor.default\">\n\t\t\t\t<div class=\"elementor-widget-container\">\n\t\t\t\t\t\t\t\t<div class=\"elementor-text-editor elementor-clearfix\">\n\t\t\t\t<p>Organis\u00e9e pour la premi\u00e8re fois en 1967, cette conf\u00e9rence est la plus ancienne manifestation r\u00e9guli\u00e8re dans le domaine du traitement du signal et des images. Elle r\u00e9unit en France et en pays francophones tous les principaux acteurs du domaine.<\/p>\n<p><span style=\"font-style: inherit;\">Organis\u00e9 tous les deux ans, ce colloque constitue un lieu d\u2019<\/span><strong style=\"font-style: inherit;\">\u00e9changes scientifiques<\/strong><span style=\"font-style: inherit;\"> pour une communaut\u00e9 particuli\u00e8rement active qui anime le monde acad\u00e9mique aussi bien que l\u2019industrie et qui trouve dans le domaine des sciences de l\u2019information et de la communication&nbsp;un champ infini d\u2019innovation et de croissance. Les communications concernent des recherches de toute nature \u2013 travaux m\u00e9thodologiques, th\u00e9oriques ou exp\u00e9rimentaux, d\u00e9veloppements d\u2019algorithmes, d\u2019outils, de syst\u00e8mes et d\u2019applications.<\/span><\/p>\n<p><span style=\"font-style: inherit;\">Apr\u00e8s avoir \u00e9t\u00e9 organis\u00e9 \u00e0 <\/span><a style=\"font-style: inherit;\" href=\"http:\/\/gretsi.fr\/colloque2017\">Juan-Les-Pins<\/a><span style=\"font-style: inherit;\"> en 2017 puis \u00e0 <\/span><a style=\"font-style: inherit;\" href=\"http:\/\/gretsi.fr\/colloque2019\">Lille<\/a><span style=\"font-style: inherit;\"> en 2019, \u00e0 <a href=\"http:\/\/gretsi.fr\/colloque2022\">Nancy<\/a> en 2022, le 29<\/span><sup style=\"font-style: inherit;\">\u00e8me<\/sup><span style=\"font-style: inherit;\"> colloque se d\u00e9roulera \u00e0&nbsp;<\/span>Grenoble&nbsp;<span style=\"font-style: inherit;\">du 28 ao\u00fbt au 01 septembre 2023.<\/span><\/p>\t\t\t\t\t<\/div>\n\t\t\t\t\t\t<\/div>\n\t\t\t\t<\/div>\n\t\t\t\t\t\t<\/div>\n\t\t\t\t\t<\/div>\n\t\t<\/div>\n\t\t\t\t<div class=\"elementor-column elementor-col-33 elementor-inner-column elementor-element elementor-element-c81c309\" data-id=\"c81c309\" data-element_type=\"column\">\n\t\t\t<div class=\"elementor-column-wrap elementor-element-populated\">\n\t\t\t\t\t\t\t<div class=\"elementor-widget-wrap\">\n\t\t\t\t\t\t<div class=\"elementor-element elementor-element-1b5fdd4 elementor-widget elementor-widget-image\" data-id=\"1b5fdd4\" data-element_type=\"widget\" data-widget_type=\"image.default\">\n\t\t\t\t<div class=\"elementor-widget-container\">\n\t\t\t\t\t\t\t\t<div class=\"elementor-image\">\n\t\t\t\t\t\t\t\t\t\t\t\t<img loading=\"lazy\" decoding=\"async\" width=\"1024\" height=\"880\" src=\"https:\/\/gretsi.fr\/colloque2023\/wp-content\/uploads\/2021\/12\/hero-logo-blue-gretsi.e518e660-1024x880.png\" class=\"attachment-large size-large wp-image-2484\" alt=\"\" srcset=\"https:\/\/gretsi.fr\/colloque2023\/wp-content\/uploads\/2021\/12\/hero-logo-blue-gretsi.e518e660-1024x880.png 1024w, https:\/\/gretsi.fr\/colloque2023\/wp-content\/uploads\/2021\/12\/hero-logo-blue-gretsi.e518e660-300x258.png 300w, https:\/\/gretsi.fr\/colloque2023\/wp-content\/uploads\/2021\/12\/hero-logo-blue-gretsi.e518e660-768x660.png 768w, https:\/\/gretsi.fr\/colloque2023\/wp-content\/uploads\/2021\/12\/hero-logo-blue-gretsi.e518e660.png 1163w\" sizes=\"(max-width: 1024px) 100vw, 1024px\" \/>\t\t\t\t\t\t\t\t\t\t\t\t\t\t<\/div>\n\t\t\t\t\t\t<\/div>\n\t\t\t\t<\/div>\n\t\t\t\t\t\t<\/div>\n\t\t\t\t\t<\/div>\n\t\t<\/div>\n\t\t\t\t\t\t\t\t<\/div>\n\t\t\t\t\t<\/div>\n\t\t<\/section>\n\t\t\t\t\t\t<\/div>\n\t\t\t\t\t<\/div>\n\t\t<\/div>\n\t\t\t\t\t\t\t\t<\/div>\n\t\t\t\t\t<\/div>\n\t\t<\/section>\n\t\t\t\t<section class=\"elementor-section elementor-top-section elementor-element elementor-element-b81dee0 elementor-section-boxed elementor-section-height-default elementor-section-height-default\" data-id=\"b81dee0\" data-element_type=\"section\" data-settings=\"{&quot;background_background&quot;:&quot;classic&quot;}\">\n\t\t\t\t\t\t<div class=\"elementor-container elementor-column-gap-default\">\n\t\t\t\t\t\t\t<div class=\"elementor-row\">\n\t\t\t\t\t<div class=\"elementor-column elementor-col-100 elementor-top-column elementor-element elementor-element-52d5ca4\" data-id=\"52d5ca4\" data-element_type=\"column\">\n\t\t\t<div class=\"elementor-column-wrap elementor-element-populated\">\n\t\t\t\t\t\t\t<div class=\"elementor-widget-wrap\">\n\t\t\t\t\t\t<div class=\"elementor-element elementor-element-93a487a elementor-widget elementor-widget-heading\" data-id=\"93a487a\" data-element_type=\"widget\" data-widget_type=\"heading.default\">\n\t\t\t\t<div class=\"elementor-widget-container\">\n\t\t\t<h3 class=\"elementor-heading-title elementor-size-default\"><span style=\"caret-color: rgb(0, 0, 0); color: rgb(0, 0, 0); white-space: normal;\">Principales Th\u00e9matiques<\/span> et Sessions Sp\u00e9ciales<\/h3>\t\t<\/div>\n\t\t\t\t<\/div>\n\t\t\t\t<div class=\"elementor-element elementor-element-91687a4 elementor-blockquote--skin-border elementor-blockquote--button-color-official elementor-widget elementor-widget-blockquote\" data-id=\"91687a4\" data-element_type=\"widget\" data-widget_type=\"blockquote.default\">\n\t\t\t\t<div class=\"elementor-widget-container\">\n\t\t\t\t\t<blockquote class=\"elementor-blockquote\">\n\t\t\t<p class=\"elementor-blockquote__content\">\n\t\t\t\tLes th\u00e8mes abord\u00e9s concerneront les d\u00e9veloppements m\u00e9thodologiques et les applications innovantes des Sciences et Technologies de la Communication et du Traitement de l\u2019Information permettant de r\u00e9soudre des probl\u00e8mes sp\u00e9cifiques au domaine du Traitement du Signal et des Images.\t\t\t<\/p>\n\t\t\t\t\t<\/blockquote>\n\t\t\t\t<\/div>\n\t\t\t\t<\/div>\n\t\t\t\t<div class=\"elementor-element elementor-element-ad86885 elementor-widget elementor-widget-text-editor\" data-id=\"ad86885\" data-element_type=\"widget\" data-widget_type=\"text-editor.default\">\n\t\t\t\t<div class=\"elementor-widget-container\">\n\t\t\t\t\t\t\t\t<div class=\"elementor-text-editor elementor-clearfix\">\n\t\t\t\t<p>Les communications peuvent concerner des recherches de toute nature : travaux m\u00e9thodologiques, th\u00e9oriques ou exp\u00e9rimentaux, d\u00e9veloppements d\u2019algorithmes, d\u2019outils, de syst\u00e8mes ou d\u2019applications, dans le domaine du signal et des images. Seront particuli\u00e8rement appr\u00e9ci\u00e9es les communications qui s\u2019inscrivent dans les <a href=\"http:\/\/gretsi.fr\/colloque2023\/themes\/\">Th\u00e8mes g\u00e9n\u00e9raux<\/a> suivants :<\/p><ul class=\"no-bullets\"><li>Th\u00e8me 1 : Repr\u00e9sentations et mod\u00e8les,<\/li><li>Th\u00e8me 2 : Communication et codage,<\/li><li>Th\u00e8me 3 : Traitement et analyse,<\/li><li>Th\u00e8me 4 : D\u00e9cision et Interpr\u00e9tation,<\/li><li>Th\u00e8me 5 : Architectures mat\u00e9rielles et logicielles,<\/li><li>Th\u00e8me 6 : Applications,<\/li><li>Th\u00e8me 7 : Histoire de la discipline.<\/li><\/ul><p>En compl\u00e9ment des 7 Th\u00e8mes g\u00e9n\u00e9raux propos\u00e9s, le colloque GRETSI&rsquo;23 met en avant <a href=\"http:\/\/gretsi.fr\/colloque2023\/sessions-speciales\/\">6 Sessions Sp\u00e9ciales<\/a> sp\u00e9cifiques :<\/p><ul class=\"no-bullets\"><li>Session Sp\u00e9ciale 1 : Graph Learning &amp; Learning with Graphs ou Apprentissage sur graphe et apprentissage de graphes<\/li><li>Session Sp\u00e9ciale 2 :\u00a0D\u00e9compositions matricielles et tensorielles sous contraintes<\/li><li>Session Sp\u00e9ciale 3 :\u00a0Impl\u00e9mentation mat\u00e9rielle d\u2019algorithmes d\u2019IA<\/li><li>Session Sp\u00e9ciale 4 :\u00a0Traitement de signal\/image et IA pour les sciences de l\u2019environnement<\/li><li>Session Sp\u00e9ciale 5 : Enseignement et didactique du TSI<\/li><li>Session Sp\u00e9ciale 6 : Traitement du Signal et ses applications en m\u00e9canique<\/li><\/ul>\t\t\t\t\t<\/div>\n\t\t\t\t\t\t<\/div>\n\t\t\t\t<\/div>\n\t\t\t\t\t\t<\/div>\n\t\t\t\t\t<\/div>\n\t\t<\/div>\n\t\t\t\t\t\t\t\t<\/div>\n\t\t\t\t\t<\/div>\n\t\t<\/section>\n\t\t\t\t<section class=\"elementor-section elementor-top-section elementor-element elementor-element-e2bbf7c elementor-section-boxed elementor-section-height-default elementor-section-height-default\" data-id=\"e2bbf7c\" data-element_type=\"section\">\n\t\t\t\t\t\t<div class=\"elementor-container elementor-column-gap-default\">\n\t\t\t\t\t\t\t<div class=\"elementor-row\">\n\t\t\t\t\t<div class=\"elementor-column elementor-col-100 elementor-top-column elementor-element elementor-element-5d87395\" data-id=\"5d87395\" data-element_type=\"column\">\n\t\t\t<div class=\"elementor-column-wrap elementor-element-populated\">\n\t\t\t\t\t\t\t<div class=\"elementor-widget-wrap\">\n\t\t\t\t\t\t<div class=\"elementor-element elementor-element-c839c0d elementor-widget elementor-widget-heading\" data-id=\"c839c0d\" data-element_type=\"widget\" data-widget_type=\"heading.default\">\n\t\t\t\t<div class=\"elementor-widget-container\">\n\t\t\t<h3 class=\"elementor-heading-title elementor-size-default\"><font color=\"#000000\"><span style=\"caret-color: rgb(0, 0, 0); white-space: normal;\">Soumission d'une communication<\/span><\/font><\/h3>\t\t<\/div>\n\t\t\t\t<\/div>\n\t\t\t\t<div class=\"elementor-element elementor-element-55aec57 elementor-blockquote--skin-border elementor-blockquote--button-color-official elementor-widget elementor-widget-blockquote\" data-id=\"55aec57\" data-element_type=\"widget\" data-widget_type=\"blockquote.default\">\n\t\t\t\t<div class=\"elementor-widget-container\">\n\t\t\t\t\t<blockquote class=\"elementor-blockquote\">\n\t\t\t<p class=\"elementor-blockquote__content\">\n\t\t\t\tLes auteurs sont invit\u00e9s \u00e0 soumettre leurs propositions de communications \u00e0 partir du 1<sup>er<\/sup> f\u00e9vrier 2023, sous forme \u00e9lectronique exclusivement via l\u2019outil de soumission en ligne, \u00e0 partir des fichiers mod\u00e8les et conform\u00e9ment aux instructions.\t\t\t<\/p>\n\t\t\t\t\t<\/blockquote>\n\t\t\t\t<\/div>\n\t\t\t\t<\/div>\n\t\t\t\t<div class=\"elementor-element elementor-element-9c2db63 elementor-widget elementor-widget-text-editor\" data-id=\"9c2db63\" data-element_type=\"widget\" data-widget_type=\"text-editor.default\">\n\t\t\t\t<div class=\"elementor-widget-container\">\n\t\t\t\t\t\t\t\t<div class=\"elementor-text-editor elementor-clearfix\">\n\t\t\t\t<p>Le Comit\u00e9 de Programme du colloque GRETSI rappelle que les propositions d\u2019articles concernent des travaux pr\u00e9sentant une originalit\u00e9, dont les auteurs jugeront qu\u2019elle est comparable \u00e0 celle des articles qu\u2019ils soumettent dans les meilleures conf\u00e9rences internationales. A d\u00e9faut, des r\u00e9sultats scientifiques d\u00e9j\u00e0 publi\u00e9s mais pr\u00e9sent\u00e9s de mani\u00e8re originale, ou sous un jour diff\u00e9rent, peuvent justifier qu\u2019un article soit soumis au colloque.<\/p><p>Il est \u00e9galement naturel que les contributions propos\u00e9es soient clairement positionn\u00e9es vis-\u00e0-vis de l\u2019\u00e9tat-de-l\u2019art et de\u00a0 la litt\u00e9rature scientifique, y compris celles des auteurs.\u00a0En particulier, les traductions litt\u00e9rales en fran\u00e7ais d\u2019articles soumis ou accept\u00e9s dans une conf\u00e9rence ou un journal international ne seront plus accueillies au colloque Gretsi.<\/p><p>Les instructions d\u00e9taill\u00e9es ainsi que les fichiers mod\u00e8les sont accessibles <a href=\"http:\/\/gretsi.fr\/colloque2023\/instructions-de-soumission\/\">ici<\/a>.<\/p>\t\t\t\t\t<\/div>\n\t\t\t\t\t\t<\/div>\n\t\t\t\t<\/div>\n\t\t\t\t\t\t<\/div>\n\t\t\t\t\t<\/div>\n\t\t<\/div>\n\t\t\t\t\t\t\t\t<\/div>\n\t\t\t\t\t<\/div>\n\t\t<\/section>\n\t\t\t\t<section class=\"elementor-section elementor-top-section elementor-element elementor-element-aa1ff61 elementor-section-boxed elementor-section-height-default elementor-section-height-default\" data-id=\"aa1ff61\" data-element_type=\"section\">\n\t\t\t\t\t\t<div class=\"elementor-container elementor-column-gap-default\">\n\t\t\t\t\t\t\t<div class=\"elementor-row\">\n\t\t\t\t\t<div class=\"elementor-column elementor-col-100 elementor-top-column elementor-element elementor-element-82746aa\" data-id=\"82746aa\" data-element_type=\"column\">\n\t\t\t<div class=\"elementor-column-wrap\">\n\t\t\t\t\t\t\t<div class=\"elementor-widget-wrap\">\n\t\t\t\t\t\t\t\t<\/div>\n\t\t\t\t\t<\/div>\n\t\t<\/div>\n\t\t\t\t\t\t\t\t<\/div>\n\t\t\t\t\t<\/div>\n\t\t<\/section>\n\t\t\t\t\t\t\t\t\t<\/div>\n\t\t\t<\/div>\n\t\t\t\t\t<\/div>\n\t\t","protected":false},"excerpt":{"rendered":"<p>Les communications peuvent concerner des recherches de toute nature : travaux m\u00e9thodologiques, th\u00e9oriques ou exp\u00e9rimentaux, d\u00e9veloppements d\u2019algorithmes, d\u2019outils, de syst\u00e8mes ou d\u2019applications, dans le domaine du signal et des images.<\/p>\n","protected":false},"author":1,"featured_media":2482,"comment_status":"closed","ping_status":"closed","sticky":false,"template":"elementor_header_footer","format":"standard","meta":{"site-sidebar-layout":"no-sidebar","site-content-layout":"page-builder","ast-global-header-display":"","ast-main-header-display":"","ast-hfb-above-header-display":"","ast-hfb-below-header-display":"","ast-hfb-mobile-header-display":"","site-post-title":"disabled","ast-breadcrumbs-content":"","ast-featured-img":"disabled","footer-sml-layout":"","theme-transparent-header-meta":"default","adv-header-id-meta":"","stick-header-meta":"default","header-above-stick-meta":"","header-main-stick-meta":"","header-below-stick-meta":"","footnotes":""},"categories":[39],"tags":[41,36],"class_list":["post-2480","post","type-post","status-publish","format-standard","has-post-thumbnail","hentry","category-communication","tag-appel","tag-communications"],"_links":{"self":[{"href":"https:\/\/gretsi.fr\/colloque2023\/wp-json\/wp\/v2\/posts\/2480"}],"collection":[{"href":"https:\/\/gretsi.fr\/colloque2023\/wp-json\/wp\/v2\/posts"}],"about":[{"href":"https:\/\/gretsi.fr\/colloque2023\/wp-json\/wp\/v2\/types\/post"}],"author":[{"embeddable":true,"href":"https:\/\/gretsi.fr\/colloque2023\/wp-json\/wp\/v2\/users\/1"}],"replies":[{"embeddable":true,"href":"https:\/\/gretsi.fr\/colloque2023\/wp-json\/wp\/v2\/comments?post=2480"}],"version-history":[{"count":112,"href":"https:\/\/gretsi.fr\/colloque2023\/wp-json\/wp\/v2\/posts\/2480\/revisions"}],"predecessor-version":[{"id":3572,"href":"https:\/\/gretsi.fr\/colloque2023\/wp-json\/wp\/v2\/posts\/2480\/revisions\/3572"}],"wp:featuredmedia":[{"embeddable":true,"href":"https:\/\/gretsi.fr\/colloque2023\/wp-json\/wp\/v2\/media\/2482"}],"wp:attachment":[{"href":"https:\/\/gretsi.fr\/colloque2023\/wp-json\/wp\/v2\/media?parent=2480"}],"wp:term":[{"taxonomy":"category","embeddable":true,"href":"https:\/\/gretsi.fr\/colloque2023\/wp-json\/wp\/v2\/categories?post=2480"},{"taxonomy":"post_tag","embeddable":true,"href":"https:\/\/gretsi.fr\/colloque2023\/wp-json\/wp\/v2\/tags?post=2480"}],"curies":[{"name":"wp","href":"https:\/\/api.w.org\/{rel}","templated":true}]}}