{"id":1877,"date":"2025-02-24T09:49:33","date_gmt":"2025-02-24T08:49:33","guid":{"rendered":"https:\/\/gretsi.fr\/colloque2025\/?p=1877"},"modified":"2025-04-28T10:49:43","modified_gmt":"2025-04-28T08:49:43","slug":"evenements","status":"publish","type":"post","link":"https:\/\/gretsi.fr\/colloque2025\/evenements\/","title":{"rendered":"Ev\u00e9nements"},"content":{"rendered":"\n<div class=\"wp-block-uagb-container uagb-block-4b697bfb alignfull uagb-is-root-container\"><div class=\"uagb-container-inner-blocks-wrap\">\n<div class=\"wp-block-uagb-info-box uagb-block-7c1f5368 uagb-infobox__content-wrap  uagb-infobox-icon-above-title uagb-infobox-image-valign-top wp-block-uagb-info-box--has-margin\"><div class=\"uagb-infobox-margin-wrapper\"><div class=\"uagb-ifb-content\"><div class=\"uagb-ifb-title-wrap\"><span class=\"uagb-ifb-title-prefix\">GRETSI&rsquo;25<\/span><h1 class=\"uagb-ifb-title\">Ev\u00e9nements<\/h1><\/div><div class=\"uagb-ifb-separator\"><\/div><p class=\"uagb-ifb-desc\">Le Colloque GRETSI\u201925 vous invite \u00e0 plusieurs \u00e9v\u00e9nements qui enrichiront votre participation : des moments de rencontre et d&rsquo;\u00e9change \u00e0 ne pas manquer.<\/p><\/div><\/div><\/div>\n<\/div><\/div>\n\n\n\n<div class=\"wp-block-uagb-container uagb-block-25c3ab0f alignfull uagb-is-root-container\"><div class=\"uagb-container-inner-blocks-wrap\">\n<h1 class=\"wp-block-heading has-text-align-center\" style=\"margin-top:var(--wp--preset--spacing--60);margin-right:0;margin-bottom:var(--wp--preset--spacing--20)\">Table ronde au Parlement europ\u00e9en<\/h1>\n\n\n\n<h3 class=\"wp-block-heading has-text-align-center\">Parlement europ\u00e9en &#8211; 26 ao\u00fbt 2025<\/h3>\n\n\n\n<p class=\"has-text-align-center\"><i class=\"fas fa-link\"><\/i> <a href=\"https:\/\/visiting.europarl.europa.eu\/fr\/visitor-offer\/strasbourg\/hemicycle\">visiting.europarl.europa.eu<\/a> &#8211; <i class=\"fas fa-location-dot\"><\/i> <a href=\"https:\/\/www.openstreetmap.org\/?mlat=48.598630&amp;mlon=7.7681&amp;zoom=20#map=19\/48.598630\/7.7681\" data-type=\"link\" data-id=\"https:\/\/maps.app.goo.gl\/cHDFY5FatzH7R57b6\">S&rsquo;y rendre<\/a><\/p>\n<\/div><\/div>\n\n\n\n<div class=\"wp-block-uagb-container uagb-block-ea449ce9 alignfull uagb-is-root-container\"><div class=\"uagb-container-inner-blocks-wrap\">\n<figure class=\"wp-block-image size-large\" style=\"margin-right:var(--wp--preset--spacing--60)\"><img loading=\"lazy\" decoding=\"async\" width=\"1024\" height=\"683\" src=\"https:\/\/gretsi.fr\/colloque2025\/wp-content\/uploads\/2025\/02\/parlement-europeen-strasbourg-162711-1024x683.jpg\" alt=\"\" class=\"wp-image-1884\" srcset=\"https:\/\/gretsi.fr\/colloque2025\/wp-content\/uploads\/2025\/02\/parlement-europeen-strasbourg-162711-1024x683.jpg 1024w, https:\/\/gretsi.fr\/colloque2025\/wp-content\/uploads\/2025\/02\/parlement-europeen-strasbourg-162711-300x200.jpg 300w, https:\/\/gretsi.fr\/colloque2025\/wp-content\/uploads\/2025\/02\/parlement-europeen-strasbourg-162711-768x512.jpg 768w, https:\/\/gretsi.fr\/colloque2025\/wp-content\/uploads\/2025\/02\/parlement-europeen-strasbourg-162711.jpg 1200w\" sizes=\"auto, (max-width: 1024px) 100vw, 1024px\" \/><\/figure>\n\n\n\n<div class=\"wp-block-uagb-container uagb-block-0723e282\">\n<p>Le colloque GRETSI&rsquo;25 a le plaisir de vous inviter le 26 ao\u00fbt 2025 \u00e0 une <mark style=\"background-color:rgba(0, 0, 0, 0)\" class=\"has-inline-color has-ast-global-color-0-color\">table ronde<\/mark> sur \u00ab\u00a0<mark style=\"background-color:rgba(0, 0, 0, 0)\" class=\"has-inline-color has-ast-global-color-0-color\">Le d\u00e9veloppement de l&rsquo;IA et du num\u00e9rique durable dans les universit\u00e9s europ\u00e9ennes<\/mark>\u00a0\u00bb anim\u00e9e par Manuel Cubero Castan, chef de projet num\u00e9rique responsable, EPFL.<\/p>\n\n\n\n<p>Une visite du parlement est possible avant la table ronde (60 personnes maximum) ; des <a href=\"https:\/\/visiting.europarl.europa.eu\/fr\/visitor-offer\/strasbourg\/hemicycle-outside-plenary-session\">visites libres<\/a> sont \u00e9galement possibles en dehors de la table ronde. <\/p>\n\n\n\n<p>Attention, <mark style=\"background-color:rgba(0, 0, 0, 0)\" class=\"has-inline-color has-ast-global-color-0-color\">le nombre de places est limit\u00e9 pour la table ronde<\/mark> (300) et <mark style=\"background-color:rgba(0, 0, 0, 0)\" class=\"has-inline-color has-ast-global-color-0-color\">pour la visite du parlement<\/mark> (60), nous vous invitons \u00e0 vous inscrire d\u00e8s l&rsquo;ouverture des inscriptions pour r\u00e9server vos places.<\/p>\n<\/div>\n<\/div><\/div>\n\n\n\n<div class=\"wp-block-uagb-container uagb-block-acd6a06a alignfull uagb-is-root-container\"><div class=\"uagb-container-inner-blocks-wrap\">\n<h1 class=\"wp-block-heading has-text-align-center\" style=\"margin-top:var(--wp--preset--spacing--60);margin-right:0;margin-bottom:var(--wp--preset--spacing--20)\">Diner de Gala<\/h1>\n\n\n\n<h3 class=\"wp-block-heading has-text-align-center\">Maison Kammerzel &#8211; 28 ao\u00fbt 2025 &#8211; 19h30<\/h3>\n\n\n\n<p class=\"has-text-align-center\"><i class=\"fas fa-link\"><\/i> <a href=\"https:\/\/www.maison-kammerzell.com\/\">www.maison-kammerzell.com<\/a> &#8211; <i class=\"fas fa-location-dot\"><\/i> <a href=\"https:\/\/www.openstreetmap.org\/?mlat=48.582049&amp;mlon=7.749615&amp;zoom=20#map=19\/48.582000\/7.750000\" data-type=\"link\" data-id=\"https:\/\/maps.app.goo.gl\/cHDFY5FatzH7R57b6\">S&rsquo;y rendre<\/a><\/p>\n<\/div><\/div>\n\n\n\n<div class=\"wp-block-uagb-container uagb-block-e9188dfa alignfull uagb-is-root-container\"><div class=\"uagb-container-inner-blocks-wrap\">\n<div class=\"wp-block-uagb-container uagb-block-b11b3bc1\">\n<p>Le colloque GRETSI&rsquo;25 a le plaisir de vous inviter le 28 ao\u00fbt 2025 \u00e0 une soir\u00e9e de gala \u00e0 la <a href=\"https:\/\/www.maison-kammerzell.com\/\">Maison Kammerzell<\/a> pour un moment d&rsquo;exception qui viendra cl\u00f4turer en beaut\u00e9 la derni\u00e8re soir\u00e9e de l&rsquo;\u00e9dition strasbourgeoise.<\/p>\n\n\n\n<p>La <a href=\"https:\/\/www.maison-kammerzell.com\/\">Maison Kammerzell<\/a>, joyau architectural de Strasbourg, nous ouvre ses portes pour une soir\u00e9e inoubliable. Plongez dans l&rsquo;histoire et laissez-vous charmer par l&rsquo;\u00e9l\u00e9gance de ce lieu embl\u00e9matique.<\/p>\n\n\n\n<p>Attention, <mark style=\"background-color:rgba(0, 0, 0, 0)\" class=\"has-inline-color has-ast-global-color-0-color\">le nombre de places \u00e9tant limit\u00e9 \u00e0 400<\/mark>, nous vous invitons \u00e0 vous inscrire d\u00e8s l&rsquo;ouverture des inscriptions pour r\u00e9server votre place. Seuls les 400 premiers inscrits pourront participer \u00e0 cet \u00e9v\u00e9nement unique.<\/p>\n<\/div>\n\n\n\n<figure class=\"wp-block-image size-large\" style=\"margin-left:var(--wp--preset--spacing--60)\"><img loading=\"lazy\" decoding=\"async\" width=\"1024\" height=\"1024\" src=\"https:\/\/gretsi.fr\/colloque2025\/wp-content\/uploads\/2025\/02\/maison-kammerzell-1024x1024.jpg\" alt=\"\" class=\"wp-image-1879\" srcset=\"https:\/\/gretsi.fr\/colloque2025\/wp-content\/uploads\/2025\/02\/maison-kammerzell-1024x1024.jpg 1024w, https:\/\/gretsi.fr\/colloque2025\/wp-content\/uploads\/2025\/02\/maison-kammerzell-300x300.jpg 300w, https:\/\/gretsi.fr\/colloque2025\/wp-content\/uploads\/2025\/02\/maison-kammerzell-150x150.jpg 150w, https:\/\/gretsi.fr\/colloque2025\/wp-content\/uploads\/2025\/02\/maison-kammerzell-768x768.jpg 768w, https:\/\/gretsi.fr\/colloque2025\/wp-content\/uploads\/2025\/02\/maison-kammerzell-1536x1536.jpg 1536w, https:\/\/gretsi.fr\/colloque2025\/wp-content\/uploads\/2025\/02\/maison-kammerzell-2048x2048.jpg 2048w\" sizes=\"auto, (max-width: 1024px) 100vw, 1024px\" \/><\/figure>\n<\/div><\/div>\n\n\n\n<p><\/p>\n","protected":false},"excerpt":{"rendered":"<p>Le Colloque GRETSI\u201925 vous invite \u00e0 plusieurs \u00e9v\u00e9nements qui enrichiront votre participation : des moments de rencontre et d&rsquo;\u00e9change \u00e0 ne pas manquer.<\/p>\n","protected":false},"author":1,"featured_media":1887,"comment_status":"closed","ping_status":"open","sticky":false,"template":"","format":"standard","meta":{"_uag_custom_page_level_css":"","site-sidebar-layout":"default","site-content-layout":"","ast-site-content-layout":"default","site-content-style":"default","site-sidebar-style":"default","ast-global-header-display":"","ast-banner-title-visibility":"","ast-main-header-display":"","ast-hfb-above-header-display":"","ast-hfb-below-header-display":"","ast-hfb-mobile-header-display":"","site-post-title":"","ast-breadcrumbs-content":"","ast-featured-img":"","footer-sml-layout":"","theme-transparent-header-meta":"","adv-header-id-meta":"","stick-header-meta":"","header-above-stick-meta":"","header-main-stick-meta":"","header-below-stick-meta":"","astra-migrate-meta-layouts":"set","ast-page-background-enabled":"default","ast-page-background-meta":{"desktop":{"background-color":"var(--ast-global-color-4)","background-image":"","background-repeat":"repeat","background-position":"center center","background-size":"auto","background-attachment":"scroll","background-type":"","background-media":"","overlay-type":"","overlay-color":"","overlay-opacity":"","overlay-gradient":""},"tablet":{"background-color":"","background-image":"","background-repeat":"repeat","background-position":"center center","background-size":"auto","background-attachment":"scroll","background-type":"","background-media":"","overlay-type":"","overlay-color":"","overlay-opacity":"","overlay-gradient":""},"mobile":{"background-color":"","background-image":"","background-repeat":"repeat","background-position":"center center","background-size":"auto","background-attachment":"scroll","background-type":"","background-media":"","overlay-type":"","overlay-color":"","overlay-opacity":"","overlay-gradient":""}},"ast-content-background-meta":{"desktop":{"background-color":"var(--ast-global-color-5)","background-image":"","background-repeat":"repeat","background-position":"center center","background-size":"auto","background-attachment":"scroll","background-type":"","background-media":"","overlay-type":"","overlay-color":"","overlay-opacity":"","overlay-gradient":""},"tablet":{"background-color":"var(--ast-global-color-5)","background-image":"","background-repeat":"repeat","background-position":"center center","background-size":"auto","background-attachment":"scroll","background-type":"","background-media":"","overlay-type":"","overlay-color":"","overlay-opacity":"","overlay-gradient":""},"mobile":{"background-color":"var(--ast-global-color-5)","background-image":"","background-repeat":"repeat","background-position":"center center","background-size":"auto","background-attachment":"scroll","background-type":"","background-media":"","overlay-type":"","overlay-color":"","overlay-opacity":"","overlay-gradient":""}},"footnotes":""},"categories":[6],"tags":[],"class_list":["post-1877","post","type-post","status-publish","format-standard","has-post-thumbnail","hentry","category-colloque"],"uagb_featured_image_src":{"full":["https:\/\/gretsi.fr\/colloque2025\/wp-content\/uploads\/2025\/02\/AdobeStock_953544622-scaled.jpeg",2560,861,false],"thumbnail":["https:\/\/gretsi.fr\/colloque2025\/wp-content\/uploads\/2025\/02\/AdobeStock_953544622-150x150.jpeg",150,150,true],"medium":["https:\/\/gretsi.fr\/colloque2025\/wp-content\/uploads\/2025\/02\/AdobeStock_953544622-300x101.jpeg",300,101,true],"medium_large":["https:\/\/gretsi.fr\/colloque2025\/wp-content\/uploads\/2025\/02\/AdobeStock_953544622-768x258.jpeg",768,258,true],"large":["https:\/\/gretsi.fr\/colloque2025\/wp-content\/uploads\/2025\/02\/AdobeStock_953544622-1024x344.jpeg",1024,344,true],"1536x1536":["https:\/\/gretsi.fr\/colloque2025\/wp-content\/uploads\/2025\/02\/AdobeStock_953544622-1536x516.jpeg",1536,516,true],"2048x2048":["https:\/\/gretsi.fr\/colloque2025\/wp-content\/uploads\/2025\/02\/AdobeStock_953544622-2048x688.jpeg",2048,688,true]},"uagb_author_info":{"display_name":"d0m","author_link":"https:\/\/gretsi.fr\/colloque2025\/author\/d0m\/"},"uagb_comment_info":0,"uagb_excerpt":"Le Colloque GRETSI\u201925 vous invite \u00e0 plusieurs \u00e9v\u00e9nements qui enrichiront votre participation : des moments de rencontre et d'\u00e9change \u00e0 ne pas manquer.","_links":{"self":[{"href":"https:\/\/gretsi.fr\/colloque2025\/wp-json\/wp\/v2\/posts\/1877","targetHints":{"allow":["GET"]}}],"collection":[{"href":"https:\/\/gretsi.fr\/colloque2025\/wp-json\/wp\/v2\/posts"}],"about":[{"href":"https:\/\/gretsi.fr\/colloque2025\/wp-json\/wp\/v2\/types\/post"}],"author":[{"embeddable":true,"href":"https:\/\/gretsi.fr\/colloque2025\/wp-json\/wp\/v2\/users\/1"}],"replies":[{"embeddable":true,"href":"https:\/\/gretsi.fr\/colloque2025\/wp-json\/wp\/v2\/comments?post=1877"}],"version-history":[{"count":13,"href":"https:\/\/gretsi.fr\/colloque2025\/wp-json\/wp\/v2\/posts\/1877\/revisions"}],"predecessor-version":[{"id":1937,"href":"https:\/\/gretsi.fr\/colloque2025\/wp-json\/wp\/v2\/posts\/1877\/revisions\/1937"}],"wp:featuredmedia":[{"embeddable":true,"href":"https:\/\/gretsi.fr\/colloque2025\/wp-json\/wp\/v2\/media\/1887"}],"wp:attachment":[{"href":"https:\/\/gretsi.fr\/colloque2025\/wp-json\/wp\/v2\/media?parent=1877"}],"wp:term":[{"taxonomy":"category","embeddable":true,"href":"https:\/\/gretsi.fr\/colloque2025\/wp-json\/wp\/v2\/categories?post=1877"},{"taxonomy":"post_tag","embeddable":true,"href":"https:\/\/gretsi.fr\/colloque2025\/wp-json\/wp\/v2\/tags?post=1877"}],"curies":[{"name":"wp","href":"https:\/\/api.w.org\/{rel}","templated":true}]}}